{"id":1198,"date":"2025-04-21T21:28:02","date_gmt":"2025-04-21T21:28:02","guid":{"rendered":"https:\/\/copiacomunicacion.free.nf\/?p=1198"},"modified":"2025-08-14T21:02:29","modified_gmt":"2025-08-14T21:02:29","slug":"armando-martinez-impulsa-las-tradiciones-con-las-fiestas-de-mayo","status":"publish","type":"post","link":"https:\/\/altamira.gob.mx\/2427\/2025\/04\/21\/armando-martinez-impulsa-las-tradiciones-con-las-fiestas-de-mayo\/","title":{"rendered":"Armando Mart\u00ednez impulsa las tradiciones con las Fiestas de Mayo"},"content":{"rendered":"\t\t<div data-elementor-type=\"wp-post\" data-elementor-id=\"1198\" class=\"elementor elementor-1198\" data-elementor-post-type=\"post\">\n\t\t\t\t<div class=\"elementor-element elementor-element-ae9ba81 e-flex e-con-boxed e-con e-parent\" data-id=\"ae9ba81\" data-element_type=\"container\" data-e-type=\"container\" data-settings=\"{&quot;background_background&quot;:&quot;classic&quot;}\">\n\t\t\t\t\t<div class=\"e-con-inner\">\n\t\t<div class=\"elementor-element elementor-element-dd5a72c e-con-full e-flex e-con e-child\" data-id=\"dd5a72c\" data-element_type=\"container\" data-e-type=\"container\">\n\t\t\t\t<div class=\"elementor-element elementor-element-b543478 elementor-widget__width-initial elementor-widget elementor-widget-image\" data-id=\"b543478\" data-element_type=\"widget\" data-e-type=\"widget\" data-widget_type=\"image.default\">\n\t\t\t\t<div class=\"elementor-widget-container\">\n\t\t\t\t\t\t\t\t\t\t\t\t\t\t\t\t<a href=\"\/\">\n\t\t\t\t\t\t\t<img decoding=\"async\" width=\"197\" height=\"72\" src=\"https:\/\/altamira.gob.mx\/2427\/wp-content\/uploads\/2025\/08\/altamira-menu.webp\" class=\"attachment-medium size-medium wp-image-5700\" alt=\"\" \/>\t\t\t\t\t\t\t\t<\/a>\n\t\t\t\t\t\t\t\t\t\t\t\t\t\t\t<\/div>\n\t\t\t\t<\/div>\n\t\t\t\t<\/div>\n\t\t<div class=\"elementor-element elementor-element-7fba902 e-con-full e-flex e-con e-child\" data-id=\"7fba902\" data-element_type=\"container\" data-e-type=\"container\">\n\t\t\t\t<div class=\"elementor-element elementor-element-6197a55 hfe-nav-menu__align-right elementor-widget__width-initial elementor-widget-tablet__width-initial hfe-submenu-icon-arrow hfe-submenu-animation-none hfe-link-redirect-child hfe-nav-menu__breakpoint-tablet elementor-widget elementor-widget-navigation-menu\" data-id=\"6197a55\" data-element_type=\"widget\" data-e-type=\"widget\" data-settings=\"{&quot;padding_horizontal_menu_item&quot;:{&quot;unit&quot;:&quot;px&quot;,&quot;size&quot;:11,&quot;sizes&quot;:[]},&quot;padding_horizontal_menu_item_tablet&quot;:{&quot;unit&quot;:&quot;px&quot;,&quot;size&quot;:&quot;&quot;,&quot;sizes&quot;:[]},&quot;padding_horizontal_menu_item_mobile&quot;:{&quot;unit&quot;:&quot;px&quot;,&quot;size&quot;:&quot;&quot;,&quot;sizes&quot;:[]},&quot;padding_vertical_menu_item&quot;:{&quot;unit&quot;:&quot;px&quot;,&quot;size&quot;:15,&quot;sizes&quot;:[]},&quot;padding_vertical_menu_item_tablet&quot;:{&quot;unit&quot;:&quot;px&quot;,&quot;size&quot;:&quot;&quot;,&quot;sizes&quot;:[]},&quot;padding_vertical_menu_item_mobile&quot;:{&quot;unit&quot;:&quot;px&quot;,&quot;size&quot;:&quot;&quot;,&quot;sizes&quot;:[]},&quot;menu_space_between&quot;:{&quot;unit&quot;:&quot;px&quot;,&quot;size&quot;:&quot;&quot;,&quot;sizes&quot;:[]},&quot;menu_space_between_tablet&quot;:{&quot;unit&quot;:&quot;px&quot;,&quot;size&quot;:&quot;&quot;,&quot;sizes&quot;:[]},&quot;menu_space_between_mobile&quot;:{&quot;unit&quot;:&quot;px&quot;,&quot;size&quot;:&quot;&quot;,&quot;sizes&quot;:[]},&quot;menu_row_space&quot;:{&quot;unit&quot;:&quot;px&quot;,&quot;size&quot;:&quot;&quot;,&quot;sizes&quot;:[]},&quot;menu_row_space_tablet&quot;:{&quot;unit&quot;:&quot;px&quot;,&quot;size&quot;:&quot;&quot;,&quot;sizes&quot;:[]},&quot;menu_row_space_mobile&quot;:{&quot;unit&quot;:&quot;px&quot;,&quot;size&quot;:&quot;&quot;,&quot;sizes&quot;:[]},&quot;dropdown_border_radius&quot;:{&quot;unit&quot;:&quot;px&quot;,&quot;top&quot;:&quot;&quot;,&quot;right&quot;:&quot;&quot;,&quot;bottom&quot;:&quot;&quot;,&quot;left&quot;:&quot;&quot;,&quot;isLinked&quot;:true},&quot;dropdown_border_radius_tablet&quot;:{&quot;unit&quot;:&quot;px&quot;,&quot;top&quot;:&quot;&quot;,&quot;right&quot;:&quot;&quot;,&quot;bottom&quot;:&quot;&quot;,&quot;left&quot;:&quot;&quot;,&quot;isLinked&quot;:true},&quot;dropdown_border_radius_mobile&quot;:{&quot;unit&quot;:&quot;px&quot;,&quot;top&quot;:&quot;&quot;,&quot;right&quot;:&quot;&quot;,&quot;bottom&quot;:&quot;&quot;,&quot;left&quot;:&quot;&quot;,&quot;isLinked&quot;:true},&quot;width_dropdown_item&quot;:{&quot;unit&quot;:&quot;px&quot;,&quot;size&quot;:&quot;220&quot;,&quot;sizes&quot;:[]},&quot;width_dropdown_item_tablet&quot;:{&quot;unit&quot;:&quot;px&quot;,&quot;size&quot;:&quot;&quot;,&quot;sizes&quot;:[]},&quot;width_dropdown_item_mobile&quot;:{&quot;unit&quot;:&quot;px&quot;,&quot;size&quot;:&quot;&quot;,&quot;sizes&quot;:[]},&quot;padding_horizontal_dropdown_item&quot;:{&quot;unit&quot;:&quot;px&quot;,&quot;size&quot;:&quot;&quot;,&quot;sizes&quot;:[]},&quot;padding_horizontal_dropdown_item_tablet&quot;:{&quot;unit&quot;:&quot;px&quot;,&quot;size&quot;:&quot;&quot;,&quot;sizes&quot;:[]},&quot;padding_horizontal_dropdown_item_mobile&quot;:{&quot;unit&quot;:&quot;px&quot;,&quot;size&quot;:&quot;&quot;,&quot;sizes&quot;:[]},&quot;padding_vertical_dropdown_item&quot;:{&quot;unit&quot;:&quot;px&quot;,&quot;size&quot;:15,&quot;sizes&quot;:[]},&quot;padding_vertical_dropdown_item_tablet&quot;:{&quot;unit&quot;:&quot;px&quot;,&quot;size&quot;:&quot;&quot;,&quot;sizes&quot;:[]},&quot;padding_vertical_dropdown_item_mobile&quot;:{&quot;unit&quot;:&quot;px&quot;,&quot;size&quot;:&quot;&quot;,&quot;sizes&quot;:[]},&quot;distance_from_menu&quot;:{&quot;unit&quot;:&quot;px&quot;,&quot;size&quot;:&quot;&quot;,&quot;sizes&quot;:[]},&quot;distance_from_menu_tablet&quot;:{&quot;unit&quot;:&quot;px&quot;,&quot;size&quot;:&quot;&quot;,&quot;sizes&quot;:[]},&quot;distance_from_menu_mobile&quot;:{&quot;unit&quot;:&quot;px&quot;,&quot;size&quot;:&quot;&quot;,&quot;sizes&quot;:[]},&quot;toggle_size&quot;:{&quot;unit&quot;:&quot;px&quot;,&quot;size&quot;:&quot;&quot;,&quot;sizes&quot;:[]},&quot;toggle_size_tablet&quot;:{&quot;unit&quot;:&quot;px&quot;,&quot;size&quot;:&quot;&quot;,&quot;sizes&quot;:[]},&quot;toggle_size_mobile&quot;:{&quot;unit&quot;:&quot;px&quot;,&quot;size&quot;:&quot;&quot;,&quot;sizes&quot;:[]},&quot;toggle_border_width&quot;:{&quot;unit&quot;:&quot;px&quot;,&quot;size&quot;:&quot;&quot;,&quot;sizes&quot;:[]},&quot;toggle_border_width_tablet&quot;:{&quot;unit&quot;:&quot;px&quot;,&quot;size&quot;:&quot;&quot;,&quot;sizes&quot;:[]},&quot;toggle_border_width_mobile&quot;:{&quot;unit&quot;:&quot;px&quot;,&quot;size&quot;:&quot;&quot;,&quot;sizes&quot;:[]},&quot;toggle_border_radius&quot;:{&quot;unit&quot;:&quot;px&quot;,&quot;size&quot;:&quot;&quot;,&quot;sizes&quot;:[]},&quot;toggle_border_radius_tablet&quot;:{&quot;unit&quot;:&quot;px&quot;,&quot;size&quot;:&quot;&quot;,&quot;sizes&quot;:[]},&quot;toggle_border_radius_mobile&quot;:{&quot;unit&quot;:&quot;px&quot;,&quot;size&quot;:&quot;&quot;,&quot;sizes&quot;:[]}}\" data-widget_type=\"navigation-menu.default\">\n\t\t\t\t<div class=\"elementor-widget-container\">\n\t\t\t\t\t\t\t\t<div class=\"hfe-nav-menu hfe-layout-horizontal hfe-nav-menu-layout horizontal hfe-pointer__overline hfe-animation__fade\" data-layout=\"horizontal\">\n\t\t\t\t<div role=\"button\" class=\"hfe-nav-menu__toggle elementor-clickable\" tabindex=\"0\" aria-label=\"Menu Toggle\">\n\t\t\t\t\t<span class=\"screen-reader-text\">Men\u00fa<\/span>\n\t\t\t\t\t<div class=\"hfe-nav-menu-icon\">\n\t\t\t\t\t\t<svg aria-hidden=\"true\"  class=\"e-font-icon-svg e-fas-align-justify\" viewBox=\"0 0 448 512\" xmlns=\"http:\/\/www.w3.org\/2000\/svg\"><path d=\"M432 416H16a16 16 0 0 0-16 16v32a16 16 0 0 0 16 16h416a16 16 0 0 0 16-16v-32a16 16 0 0 0-16-16zm0-128H16a16 16 0 0 0-16 16v32a16 16 0 0 0 16 16h416a16 16 0 0 0 16-16v-32a16 16 0 0 0-16-16zm0-128H16a16 16 0 0 0-16 16v32a16 16 0 0 0 16 16h416a16 16 0 0 0 16-16v-32a16 16 0 0 0-16-16zm0-128H16A16 16 0 0 0 0 48v32a16 16 0 0 0 16 16h416a16 16 0 0 0 16-16V48a16 16 0 0 0-16-16z\"><\/path><\/svg>\t\t\t\t\t<\/div>\n\t\t\t\t<\/div>\n\t\t\t\t<nav class=\"hfe-nav-menu__layout-horizontal hfe-nav-menu__submenu-arrow\" data-toggle-icon=\"&lt;svg aria-hidden=&quot;true&quot; tabindex=&quot;0&quot; class=&quot;e-font-icon-svg e-fas-align-justify&quot; viewBox=&quot;0 0 448 512&quot; xmlns=&quot;http:\/\/www.w3.org\/2000\/svg&quot;&gt;&lt;path d=&quot;M432 416H16a16 16 0 0 0-16 16v32a16 16 0 0 0 16 16h416a16 16 0 0 0 16-16v-32a16 16 0 0 0-16-16zm0-128H16a16 16 0 0 0-16 16v32a16 16 0 0 0 16 16h416a16 16 0 0 0 16-16v-32a16 16 0 0 0-16-16zm0-128H16a16 16 0 0 0-16 16v32a16 16 0 0 0 16 16h416a16 16 0 0 0 16-16v-32a16 16 0 0 0-16-16zm0-128H16A16 16 0 0 0 0 48v32a16 16 0 0 0 16 16h416a16 16 0 0 0 16-16V48a16 16 0 0 0-16-16z&quot;&gt;&lt;\/path&gt;&lt;\/svg&gt;\" data-close-icon=\"&lt;svg aria-hidden=&quot;true&quot; tabindex=&quot;0&quot; class=&quot;e-font-icon-svg e-far-window-close&quot; viewBox=&quot;0 0 512 512&quot; xmlns=&quot;http:\/\/www.w3.org\/2000\/svg&quot;&gt;&lt;path d=&quot;M464 32H48C21.5 32 0 53.5 0 80v352c0 26.5 21.5 48 48 48h416c26.5 0 48-21.5 48-48V80c0-26.5-21.5-48-48-48zm0 394c0 3.3-2.7 6-6 6H54c-3.3 0-6-2.7-6-6V86c0-3.3 2.7-6 6-6h404c3.3 0 6 2.7 6 6v340zM356.5 194.6L295.1 256l61.4 61.4c4.6 4.6 4.6 12.1 0 16.8l-22.3 22.3c-4.6 4.6-12.1 4.6-16.8 0L256 295.1l-61.4 61.4c-4.6 4.6-12.1 4.6-16.8 0l-22.3-22.3c-4.6-4.6-4.6-12.1 0-16.8l61.4-61.4-61.4-61.4c-4.6-4.6-4.6-12.1 0-16.8l22.3-22.3c4.6-4.6 12.1-4.6 16.8 0l61.4 61.4 61.4-61.4c4.6-4.6 12.1-4.6 16.8 0l22.3 22.3c4.7 4.6 4.7 12.1 0 16.8z&quot;&gt;&lt;\/path&gt;&lt;\/svg&gt;\" data-full-width=\"yes\">\n\t\t\t\t\t<ul id=\"menu-1-6197a55\" class=\"hfe-nav-menu\"><li id=\"menu-item-8315\" class=\"menu-item menu-item-type-post_type menu-item-object-page menu-item-home parent hfe-creative-menu\"><a href=\"https:\/\/altamira.gob.mx\/2427\/\" class = \"hfe-menu-item\">Inicio<\/a><\/li>\n<li id=\"menu-item-400\" class=\"menu-item menu-item-type-post_type menu-item-object-page parent hfe-creative-menu\"><a href=\"https:\/\/altamira.gob.mx\/2427\/cabildo\/\" class = \"hfe-menu-item\">Cabildo<\/a><\/li>\n<li id=\"menu-item-1700\" class=\"menu-item menu-item-type-post_type menu-item-object-page parent hfe-creative-menu\"><a href=\"https:\/\/altamira.gob.mx\/2427\/prensa\/\" class = \"hfe-menu-item\">Prensa<\/a><\/li>\n<li id=\"menu-item-9\" class=\"menu-item menu-item-type-custom menu-item-object-custom menu-item-has-children parent hfe-has-submenu hfe-creative-menu\"><div class=\"hfe-has-submenu-container\" tabindex=\"0\" role=\"button\" aria-haspopup=\"true\" aria-expanded=\"false\"><a role=\"button\" aria-expanded=\"false\" href=\"#\" class = \"hfe-menu-item\">Dependencias<span class='hfe-menu-toggle sub-arrow hfe-menu-child-0'><i class='fa'><\/i><\/span><\/a><\/div>\n<ul class=\"sub-menu\">\n\t<li id=\"menu-item-10528\" class=\"menu-item menu-item-type-custom menu-item-object-custom hfe-creative-menu\"><a href=\"https:\/\/altamira.gob.mx\/2427\/wp-content\/uploads\/2026\/02\/ORGANIGRAMA-GENERAL-ABR-JUN-2025-1.pdf\" class = \"hfe-sub-menu-item\">Organigrama<\/a><\/li>\n\t<li id=\"menu-item-1697\" class=\"menu-item menu-item-type-post_type menu-item-object-page hfe-creative-menu\"><a href=\"https:\/\/altamira.gob.mx\/2427\/obras-publicas\/\" class = \"hfe-sub-menu-item\">Obras publicas<\/a><\/li>\n\t<li id=\"menu-item-1698\" class=\"menu-item menu-item-type-post_type menu-item-object-page hfe-creative-menu\"><a href=\"https:\/\/altamira.gob.mx\/2427\/organismos-descentralizados\/\" class = \"hfe-sub-menu-item\">Organismos  Descentralizados<\/a><\/li>\n\t<li id=\"menu-item-1696\" class=\"menu-item menu-item-type-post_type menu-item-object-page hfe-creative-menu\"><a href=\"https:\/\/altamira.gob.mx\/2427\/tesoreria\/\" class = \"hfe-sub-menu-item\">Tesoreria<\/a><\/li>\n\t<li id=\"menu-item-9723\" class=\"menu-item menu-item-type-post_type menu-item-object-page hfe-creative-menu\"><a href=\"https:\/\/altamira.gob.mx\/2427\/licitaciones\/\" class = \"hfe-sub-menu-item\">Licitaciones<\/a><\/li>\n\t<li id=\"menu-item-10498\" class=\"menu-item menu-item-type-post_type menu-item-object-page hfe-creative-menu\"><a href=\"https:\/\/altamira.gob.mx\/2427\/informe\/\" class = \"hfe-sub-menu-item\">Informe<\/a><\/li>\n<\/ul>\n<\/li>\n<li id=\"menu-item-10\" class=\"menu-item menu-item-type-custom menu-item-object-custom menu-item-home parent hfe-creative-menu\"><a href=\"https:\/\/altamira.gob.mx\/2427\/#atencioncd\" class = \"hfe-menu-item\">Atenci\u00f3n Ciudadana<\/a><\/li>\n<li id=\"menu-item-402\" class=\"menu-item menu-item-type-post_type menu-item-object-page parent hfe-creative-menu\"><a href=\"https:\/\/altamira.gob.mx\/2427\/transparencia\/\" class = \"hfe-menu-item\">Transparencia<\/a><\/li>\n<li id=\"menu-item-1699\" class=\"menu-item menu-item-type-post_type menu-item-object-page parent hfe-creative-menu\"><a href=\"https:\/\/altamira.gob.mx\/2427\/tramites-y-servicios\/\" class = \"hfe-menu-item\">Tramites y Servicios<\/a><\/li>\n<li id=\"menu-item-10719\" class=\"menu-item menu-item-type-custom menu-item-object-custom menu-item-has-children parent hfe-has-submenu hfe-creative-menu\"><div class=\"hfe-has-submenu-container\" tabindex=\"0\" role=\"button\" aria-haspopup=\"true\" aria-expanded=\"false\"><a role=\"button\" aria-expanded=\"false\" href=\"#\" class = \"hfe-menu-item\">M\u00e1s<span class='hfe-menu-toggle sub-arrow hfe-menu-child-0'><i class='fa'><\/i><\/span><\/a><\/div>\n<ul class=\"sub-menu\">\n\t<li id=\"menu-item-10720\" class=\"menu-item menu-item-type-post_type menu-item-object-page hfe-creative-menu\"><a href=\"https:\/\/altamira.gob.mx\/2427\/primer-informe\/\" class = \"hfe-sub-menu-item\">Primer Informe<\/a><\/li>\n<\/ul>\n<\/li>\n<\/ul> \n\t\t\t\t<\/nav>\n\t\t\t<\/div>\n\t\t\t\t\t\t\t<\/div>\n\t\t\t\t<\/div>\n\t\t\t\t<\/div>\n\t\t\t\t\t<\/div>\n\t\t\t\t<\/div>\n\t\t<div class=\"elementor-element elementor-element-ece7dc4 e-flex e-con-boxed e-con e-parent\" data-id=\"ece7dc4\" data-element_type=\"container\" data-e-type=\"container\">\n\t\t\t\t\t<div class=\"e-con-inner\">\n\t\t<div class=\"elementor-element elementor-element-b88bbb3 e-con-full e-flex e-con e-child\" data-id=\"b88bbb3\" data-element_type=\"container\" data-e-type=\"container\" data-settings=\"{&quot;background_background&quot;:&quot;classic&quot;}\">\n\t\t<div class=\"elementor-element elementor-element-3f7fc71c e-con-full e-flex e-con e-child\" data-id=\"3f7fc71c\" data-element_type=\"container\" data-e-type=\"container\">\n\t\t\t\t<div class=\"elementor-element elementor-element-7ff9d007 elementor-widget elementor-widget-theme-post-title elementor-page-title elementor-widget-heading\" data-id=\"7ff9d007\" data-element_type=\"widget\" data-e-type=\"widget\" data-widget_type=\"theme-post-title.default\">\n\t\t\t\t<div class=\"elementor-widget-container\">\n\t\t\t\t\t<h1 class=\"elementor-heading-title elementor-size-default\">Armando Mart\u00ednez impulsa las tradiciones con las Fiestas de Mayo<\/h1>\t\t\t\t<\/div>\n\t\t\t\t<\/div>\n\t\t\t\t<div class=\"elementor-element elementor-element-f17007d hfe-post-info-layout-inline elementor-widget elementor-widget-post-info-widget\" data-id=\"f17007d\" data-element_type=\"widget\" data-e-type=\"widget\" data-widget_type=\"post-info-widget.default\">\n\t\t\t\t<div class=\"elementor-widget-container\">\n\t\t\t\t\t\t\t<ul class=\"hfe-post-info-inline hfe-post-info-items hfe-post-info\">\n\t\t\t\t\t<li class=\"hfe-post-info-item elementor-repeater-item-3f26b55 hfe-post-info-inline-item\" itemprop=\"datePublished\"> \n\t\t\t\t\t\t\t<a href=\"https:\/\/altamira.gob.mx\/2427\/2025\/04\/21\/\">\n\t\t\t\n\t\t\t\t\t\t<span class=\"hfe-post-info-icon\">\n\t\t\t\t\t\t\t\t\t<svg aria-hidden=\"true\" class=\"e-font-icon-svg e-far-calendar-alt\" viewBox=\"0 0 448 512\" xmlns=\"http:\/\/www.w3.org\/2000\/svg\"><path d=\"M148 288h-40c-6.6 0-12-5.4-12-12v-40c0-6.6 5.4-12 12-12h40c6.6 0 12 5.4 12 12v40c0 6.6-5.4 12-12 12zm108-12v-40c0-6.6-5.4-12-12-12h-40c-6.6 0-12 5.4-12 12v40c0 6.6 5.4 12 12 12h40c6.6 0 12-5.4 12-12zm96 0v-40c0-6.6-5.4-12-12-12h-40c-6.6 0-12 5.4-12 12v40c0 6.6 5.4 12 12 12h40c6.6 0 12-5.4 12-12zm-96 96v-40c0-6.6-5.4-12-12-12h-40c-6.6 0-12 5.4-12 12v40c0 6.6 5.4 12 12 12h40c6.6 0 12-5.4 12-12zm-96 0v-40c0-6.6-5.4-12-12-12h-40c-6.6 0-12 5.4-12 12v40c0 6.6 5.4 12 12 12h40c6.6 0 12-5.4 12-12zm192 0v-40c0-6.6-5.4-12-12-12h-40c-6.6 0-12 5.4-12 12v40c0 6.6 5.4 12 12 12h40c6.6 0 12-5.4 12-12zm96-260v352c0 26.5-21.5 48-48 48H48c-26.5 0-48-21.5-48-48V112c0-26.5 21.5-48 48-48h48V12c0-6.6 5.4-12 12-12h40c6.6 0 12 5.4 12 12v52h128V12c0-6.6 5.4-12 12-12h40c6.6 0 12 5.4 12 12v52h48c26.5 0 48 21.5 48 48zm-48 346V160H48v298c0 3.3 2.7 6 6 6h340c3.3 0 6-2.7 6-6z\"><\/path><\/svg>\t\t\t\t\t\t\t<\/span>\n\t\t\t\t\t<span class=\"hfe-post-info-text hfe-post-info__item hfe-post-info__item--type-date\">\n\t\t\t\n\t\t\t\t\t\t\tabril 21, 2025\t\t\t\t\t<\/span>\n\t\t\n\t\t\t\t\t\t\t<\/a>\n\t\t\t\t\t<\/li>\n\t\t\t\t<\/ul>\n\t\t\t\t\t\t<\/div>\n\t\t\t\t<\/div>\n\t\t\t\t<\/div>\n\t\t\t\t<div class=\"elementor-element elementor-element-d5a5da6 elementor-widget__width-initial elementor-widget elementor-widget-text-editor\" data-id=\"d5a5da6\" data-element_type=\"widget\" data-e-type=\"widget\" data-widget_type=\"text-editor.default\">\n\t\t\t\t<div class=\"elementor-widget-container\">\n\t\t\t\t\t\t\t\t\t<p><span style=\"font-weight: 400;\">Con el objetivo de preservar las tradiciones, promover la cultura y brindar espacios de convivencia familiar, el Gobierno Municipal de Altamira, encabezado por el <\/span><b>Dr. Armando Mart\u00ednez Manr\u00edquez<\/b><span style=\"font-weight: 400;\">, anunci\u00f3 la celebraci\u00f3n de las <\/span><b>Fiestas de Mayo 2025<\/b><span style=\"font-weight: 400;\">, que se llevar\u00e1n a cabo del <\/span><b>30 de abril al 18 de mayo<\/b><span style=\"font-weight: 400;\">.<\/span><\/p><p><span style=\"font-weight: 400;\">Estas festividades conmemorar\u00e1n los <\/span><b>276 a\u00f1os de historia<\/b><span style=\"font-weight: 400;\"> de Altamira con un amplio programa art\u00edstico, cultural y recreativo. Las ni\u00f1as y ni\u00f1os disfrutar\u00e1n de <\/span><b>juegos mec\u00e1nicos totalmente gratuitos<\/b><span style=\"font-weight: 400;\">, y el p\u00fablico en general podr\u00e1 asistir a <\/span><b>grandes conciertos en el Estadio Altamira<\/b><span style=\"font-weight: 400;\"> con una cuota simb\u00f3lica de <\/span><b>50 pesos<\/b><span style=\"font-weight: 400;\">.<\/span><\/p><p><span style=\"font-weight: 400;\">Las actividades iniciar\u00e1n el <\/span><b>1 de mayo<\/b><span style=\"font-weight: 400;\"> con la tradicional <\/span><b>coronaci\u00f3n de la Se\u00f1orita 2 de Mayo<\/b><span style=\"font-weight: 400;\"> en la Plaza Constituci\u00f3n, seguida de la presentaci\u00f3n del grupo <\/span><b>Social Class<\/b><span style=\"font-weight: 400;\">. Al d\u00eda siguiente, <\/span><b>2 de mayo<\/b><span style=\"font-weight: 400;\">, las celebraciones comenzar\u00e1n a la medianoche con las <\/span><b>ma\u00f1anitas a Altamira<\/b><span style=\"font-weight: 400;\"> a cargo del Mariachi <\/span><b>7 Mares<\/b><span style=\"font-weight: 400;\">, quienes recorrer\u00e1n las principales calles de la ciudad.<\/span><\/p><p><span style=\"font-weight: 400;\">M\u00e1s tarde, a las <\/span><b>8:00 a.m.<\/b><span style=\"font-weight: 400;\">, se realizar\u00e1 el <\/span><b>recorrido de fundaci\u00f3n<\/b><span style=\"font-weight: 400;\"> de Altamira, partiendo de calle Real y bulevar Allende. Posteriormente, se llevar\u00e1 a cabo una <\/span><b>sesi\u00f3n solemne de Cabildo<\/b><span style=\"font-weight: 400;\">, seguida de la entrega de la <\/span><b>Medalla Jos\u00e9 de Escand\u00f3n<\/b><span style=\"font-weight: 400;\"> en la Plaza Constituci\u00f3n. A las <\/span><b>11:00 a.m.<\/b><span style=\"font-weight: 400;\">, la <\/span><b>66 Legislatura del Congreso del Estado<\/b><span style=\"font-weight: 400;\"> celebrar\u00e1 una <\/span><b>sesi\u00f3n itinerante<\/b><span style=\"font-weight: 400;\"> en la misma plaza. Ese d\u00eda tambi\u00e9n se colocar\u00e1 la <\/span><b>primera piedra de la tienda The Home Depot<\/b><span style=\"font-weight: 400;\"> y de la <\/span><b>planta de tratamiento de aguas residuales<\/b><span style=\"font-weight: 400;\"> en el sector La Pedrera.<\/span><\/p><p><span style=\"font-weight: 400;\">A las <\/span><b>18:00 horas<\/b><span style=\"font-weight: 400;\">, se celebrar\u00e1 el <\/span><b>desfile de la Nauticopa<\/b><span style=\"font-weight: 400;\">, partiendo del campo Tamaulipas rumbo a la Plaza Constituci\u00f3n. La noche cerrar\u00e1 con una <\/span><b>velada rom\u00e1ntica<\/b><span style=\"font-weight: 400;\"> en la misma plaza, con la presentaci\u00f3n de <\/span><b>Jorge \u201cEl Coque\u201d Mu\u00f1iz<\/b><span style=\"font-weight: 400;\"> y <\/span><b>Carlos Cuevas<\/b><span style=\"font-weight: 400;\">, a partir de las <\/span><b>21:00 horas<\/b><span style=\"font-weight: 400;\">.<\/span><\/p><p><span style=\"font-weight: 400;\">El <\/span><b>3 de mayo<\/b><span style=\"font-weight: 400;\">, a las <\/span><b>11:00 a.m.<\/b><span style=\"font-weight: 400;\">, iniciar\u00e1n las competencias de la <\/span><b>Nauticopa<\/b><span style=\"font-weight: 400;\"> en la Laguna de Champay\u00e1n. Por la tarde, se presentar\u00e1 el concierto \u201c<\/span><b>Que se oiga Cuco<\/b><span style=\"font-weight: 400;\">\u201d y, m\u00e1s tarde, <\/span><b>Alicia Villarreal<\/b><span style=\"font-weight: 400;\"> ofrecer\u00e1 su espect\u00e1culo en el Estadio Altamira desde las <\/span><b>19:00 horas<\/b><span style=\"font-weight: 400;\">.<\/span><\/p><p><span style=\"font-weight: 400;\">El domingo <\/span><b>4 de mayo<\/b><span style=\"font-weight: 400;\"> continuar\u00e1 la Nauticopa, y por la noche, se presentar\u00e1 el grupo <\/span><b>Los Reyes del Camino<\/b><span style=\"font-weight: 400;\"> en el Estadio Altamira.<\/span><\/p><p><span style=\"font-weight: 400;\">Las celebraciones seguir\u00e1n el <\/span><b>9 de mayo<\/b><span style=\"font-weight: 400;\"> con el concierto de <\/span><b>Yahir<\/b><span style=\"font-weight: 400;\">, dedicado a las madres altamirenses, quienes tendr\u00e1n acceso gratuito. El <\/span><b>10 de mayo<\/b><span style=\"font-weight: 400;\"> se presentar\u00e1 <\/span><b>Bobby Pulido<\/b><span style=\"font-weight: 400;\">, y el <\/span><b>11 de mayo<\/b><span style=\"font-weight: 400;\">, el grupo <\/span><b>La Firma<\/b><span style=\"font-weight: 400;\">, ambos en el Estadio Altamira.<\/span><\/p><p><span style=\"font-weight: 400;\">Durante la \u00faltima semana del festival, la cartelera incluye:<\/span><\/p><ul><li style=\"font-weight: 400;\" aria-level=\"1\"><b>15 de mayo<\/b><span style=\"font-weight: 400;\"> \u2013 <\/span><b>La Sonora Santanera<\/b><\/li><li style=\"font-weight: 400;\" aria-level=\"1\"><b>16 de mayo<\/b><span style=\"font-weight: 400;\"> \u2013 <\/span><b>Vag\u00f3n Chicano<\/b><\/li><li style=\"font-weight: 400;\" aria-level=\"1\"><b>17 de mayo<\/b><span style=\"font-weight: 400;\"> \u2013 <\/span><b>Gerardo Coronel<\/b><\/li><li style=\"font-weight: 400;\" aria-level=\"1\"><b>18 de mayo<\/b><span style=\"font-weight: 400;\"> \u2013 <\/span><b>El show de Ernesto Chavana<\/b><\/li><\/ul><p><span style=\"font-weight: 400;\">Con este programa, el Gobierno de Altamira reafirma su compromiso con el <\/span><b>rescate de las tradiciones<\/b><span style=\"font-weight: 400;\">, el <\/span><b>impulso cultural<\/b><span style=\"font-weight: 400;\"> y el <\/span><b>orgullo de pertenencia<\/b><span style=\"font-weight: 400;\">, ofreciendo eventos para toda la familia que reflejan la identidad y proyecci\u00f3n de la ciudad hacia el futuro.<\/span><\/p>\t\t\t\t\t\t\t\t<\/div>\n\t\t\t\t<\/div>\n\t\t<div class=\"elementor-element elementor-element-78713632 e-con-full e-flex e-con e-child\" data-id=\"78713632\" data-element_type=\"container\" data-e-type=\"container\">\n\t\t\t\t<div class=\"elementor-element elementor-element-47aacc72 elementor-post-navigation-borders-yes elementor-widget elementor-widget-post-navigation\" data-id=\"47aacc72\" data-element_type=\"widget\" data-e-type=\"widget\" data-widget_type=\"post-navigation.default\">\n\t\t\t\t<div class=\"elementor-widget-container\">\n\t\t\t\t\t\t\t<div class=\"elementor-post-navigation\" role=\"navigation\" aria-label=\"Post Navigation\">\n\t\t\t<div class=\"elementor-post-navigation__prev elementor-post-navigation__link\">\n\t\t\t\t<a href=\"https:\/\/altamira.gob.mx\/2427\/2025\/04\/21\/armando-martinez-el-alcalde-mejor-evaluado-de-tamaulipas\/\" rel=\"prev\"><span class=\"post-navigation__arrow-wrapper post-navigation__arrow-prev\"><svg aria-hidden=\"true\" class=\"e-font-icon-svg e-fas-angle-left\" viewBox=\"0 0 256 512\" xmlns=\"http:\/\/www.w3.org\/2000\/svg\"><path d=\"M31.7 239l136-136c9.4-9.4 24.6-9.4 33.9 0l22.6 22.6c9.4 9.4 9.4 24.6 0 33.9L127.9 256l96.4 96.4c9.4 9.4 9.4 24.6 0 33.9L201.7 409c-9.4 9.4-24.6 9.4-33.9 0l-136-136c-9.5-9.4-9.5-24.6-.1-34z\"><\/path><\/svg><span class=\"elementor-screen-only\">Prev<\/span><\/span><span class=\"elementor-post-navigation__link__prev\"><span class=\"post-navigation__prev--label\">Previous<\/span><span class=\"post-navigation__prev--title\">Armando Mart\u00ednez, el alcalde mejor evaluado de Tamaulipas<\/span><\/span><\/a>\t\t\t<\/div>\n\t\t\t\t\t\t\t<div class=\"elementor-post-navigation__separator-wrapper\">\n\t\t\t\t\t<div class=\"elementor-post-navigation__separator\"><\/div>\n\t\t\t\t<\/div>\n\t\t\t\t\t\t<div class=\"elementor-post-navigation__next elementor-post-navigation__link\">\n\t\t\t\t<a href=\"https:\/\/altamira.gob.mx\/2427\/2025\/04\/23\/altamira-avanza-con-nuevas-pavimentaciones-en-zonas-urbanas-y-rurales\/\" rel=\"next\"><span class=\"elementor-post-navigation__link__next\"><span class=\"post-navigation__next--label\">Next<\/span><span class=\"post-navigation__next--title\">Altamira avanza con nuevas pavimentaciones en zonas urbanas y rurales<\/span><\/span><span class=\"post-navigation__arrow-wrapper post-navigation__arrow-next\"><svg aria-hidden=\"true\" class=\"e-font-icon-svg e-fas-angle-right\" viewBox=\"0 0 256 512\" xmlns=\"http:\/\/www.w3.org\/2000\/svg\"><path d=\"M224.3 273l-136 136c-9.4 9.4-24.6 9.4-33.9 0l-22.6-22.6c-9.4-9.4-9.4-24.6 0-33.9l96.4-96.4-96.4-96.4c-9.4-9.4-9.4-24.6 0-33.9L54.3 103c9.4-9.4 24.6-9.4 33.9 0l136 136c9.5 9.4 9.5 24.6.1 34z\"><\/path><\/svg><span class=\"elementor-screen-only\">Next<\/span><\/span><\/a>\t\t\t<\/div>\n\t\t<\/div>\n\t\t\t\t\t\t<\/div>\n\t\t\t\t<\/div>\n\t\t\t\t<\/div>\n\t\t\t\t<\/div>\n\t\t\t\t\t<\/div>\n\t\t\t\t<\/div>\n\t\t<div class=\"elementor-element elementor-element-4da823e9 e-flex e-con-boxed e-con e-parent\" data-id=\"4da823e9\" data-element_type=\"container\" data-e-type=\"container\" data-settings=\"{&quot;background_background&quot;:&quot;classic&quot;}\">\n\t\t\t\t\t<div class=\"e-con-inner\">\n\t\t<div class=\"elementor-element elementor-element-73f3bceb e-con-full e-flex e-con e-child\" data-id=\"73f3bceb\" data-element_type=\"container\" data-e-type=\"container\" data-settings=\"{&quot;background_background&quot;:&quot;classic&quot;}\">\n\t\t\t\t<div class=\"elementor-element elementor-element-10311c2e elementor-widget elementor-widget-heading\" data-id=\"10311c2e\" data-element_type=\"widget\" data-e-type=\"widget\" data-widget_type=\"heading.default\">\n\t\t\t\t<div class=\"elementor-widget-container\">\n\t\t\t\t\t<h3 class=\"elementor-heading-title elementor-size-default\">GOBIERNO MUNICIPAL DE ALTAMIRA 2024-2027 - ALTAMIRA SOMOS TODOS<\/h3>\t\t\t\t<\/div>\n\t\t\t\t<\/div>\n\t\t\t\t<\/div>\n\t\t\t\t\t<\/div>\n\t\t\t\t<\/div>\n\t\t<div class=\"elementor-element elementor-element-40188ac1 e-flex e-con-boxed e-con e-parent\" data-id=\"40188ac1\" data-element_type=\"container\" data-e-type=\"container\">\n\t\t\t\t\t<div class=\"e-con-inner\">\n\t\t<div class=\"elementor-element elementor-element-2dacb33f e-con-full e-flex e-con e-child\" data-id=\"2dacb33f\" data-element_type=\"container\" data-e-type=\"container\">\n\t\t\t\t<div class=\"elementor-element elementor-element-2e49b4e3 elementor-widget elementor-widget-google_maps\" data-id=\"2e49b4e3\" data-element_type=\"widget\" data-e-type=\"widget\" data-widget_type=\"google_maps.default\">\n\t\t\t\t<div class=\"elementor-widget-container\">\n\t\t\t\t\t\t\t<div class=\"elementor-custom-embed\">\n\t\t\t<iframe loading=\"lazy\"\n\t\t\t\t\tsrc=\"https:\/\/maps.google.com\/maps?q=Presidencia%20Municipal%20Altamira%20Quintero%20No.%20100%2C%20Zona%20Centro%2C%2089600%20Altamira%2C%20Tamps.&#038;t=m&#038;z=16&#038;output=embed&#038;iwloc=near\"\n\t\t\t\t\ttitle=\"Presidencia Municipal Altamira Quintero No. 100, Zona Centro, 89600 Altamira, Tamps.\"\n\t\t\t\t\taria-label=\"Presidencia Municipal Altamira Quintero No. 100, Zona Centro, 89600 Altamira, Tamps.\"\n\t\t\t><\/iframe>\n\t\t<\/div>\n\t\t\t\t\t\t<\/div>\n\t\t\t\t<\/div>\n\t\t\t\t<\/div>\n\t\t<div class=\"elementor-element elementor-element-666b1a50 e-con-full e-flex e-con e-child\" data-id=\"666b1a50\" data-element_type=\"container\" data-e-type=\"container\">\n\t\t<div class=\"elementor-element elementor-element-f23da61 e-con-full e-flex e-con e-child\" data-id=\"f23da61\" data-element_type=\"container\" data-e-type=\"container\">\n\t\t<div class=\"elementor-element elementor-element-251bca6d e-grid e-con-full e-con e-child\" data-id=\"251bca6d\" data-element_type=\"container\" data-e-type=\"container\">\n\t\t\t\t<div class=\"elementor-element elementor-element-5401b886 elementor-widget elementor-widget-image\" data-id=\"5401b886\" data-element_type=\"widget\" data-e-type=\"widget\" data-widget_type=\"image.default\">\n\t\t\t\t<div class=\"elementor-widget-container\">\n\t\t\t\t\t\t\t\t\t\t\t\t\t\t\t\t<a href=\"#\">\n\t\t\t\t\t\t\t<img fetchpriority=\"high\" decoding=\"async\" width=\"1024\" height=\"791\" src=\"https:\/\/altamira.gob.mx\/2427\/wp-content\/uploads\/2025\/06\/logo-altamira-1024x791.png\" class=\"attachment-large size-large wp-image-2279\" alt=\"\" srcset=\"https:\/\/altamira.gob.mx\/2427\/wp-content\/uploads\/2025\/06\/logo-altamira-1024x791.png 1024w, https:\/\/altamira.gob.mx\/2427\/wp-content\/uploads\/2025\/06\/logo-altamira-300x232.png 300w, https:\/\/altamira.gob.mx\/2427\/wp-content\/uploads\/2025\/06\/logo-altamira-768x593.png 768w, https:\/\/altamira.gob.mx\/2427\/wp-content\/uploads\/2025\/06\/logo-altamira-1536x1187.png 1536w, https:\/\/altamira.gob.mx\/2427\/wp-content\/uploads\/2025\/06\/logo-altamira-2048x1583.png 2048w\" sizes=\"(max-width: 1024px) 100vw, 1024px\" \/>\t\t\t\t\t\t\t\t<\/a>\n\t\t\t\t\t\t\t\t\t\t\t\t\t\t\t<\/div>\n\t\t\t\t<\/div>\n\t\t\t\t<div class=\"elementor-element elementor-element-1990f0fd elementor-widget elementor-widget-text-editor\" data-id=\"1990f0fd\" data-element_type=\"widget\" data-e-type=\"widget\" data-widget_type=\"text-editor.default\">\n\t\t\t\t<div class=\"elementor-widget-container\">\n\t\t\t\t\t\t\t\t\t<p><span style=\"color: #000000;\"><strong>Contacto:<\/strong><\/span><\/p><p><span style=\"color: #000000;\">Tel\u00e9fono: <a style=\"color: #000000;\" href=\"tel:+528332606500\">+52 833 260 6500<\/a><\/span><\/p><p><span style=\"color: #000000;\">Email: presidencia@altamira.gob.mx<\/span><\/p><p><a href=\"https:\/\/altamira.gob.mx\/2427\/wordpress\/privacy-policy-2\/\">Avisos de Privacidad<\/a><\/p>\t\t\t\t\t\t\t\t<\/div>\n\t\t\t\t<\/div>\n\t\t\t\t<\/div>\n\t\t\t\t<\/div>\n\t\t<div class=\"elementor-element elementor-element-13e34255 e-con-full e-flex e-con e-child\" data-id=\"13e34255\" data-element_type=\"container\" data-e-type=\"container\">\n\t\t\t\t<div class=\"elementor-element elementor-element-2c4d0c41 elementor-shape-rounded elementor-grid-0 e-grid-align-center elementor-widget elementor-widget-social-icons\" data-id=\"2c4d0c41\" data-element_type=\"widget\" data-e-type=\"widget\" data-widget_type=\"social-icons.default\">\n\t\t\t\t<div class=\"elementor-widget-container\">\n\t\t\t\t\t\t\t<div class=\"elementor-social-icons-wrapper elementor-grid\" role=\"list\">\n\t\t\t\t\t\t\t<span class=\"elementor-grid-item\" role=\"listitem\">\n\t\t\t\t\t<a class=\"elementor-icon elementor-social-icon elementor-social-icon-facebook elementor-repeater-item-710b138\" href=\"https:\/\/www.facebook.com\/Gobaltamira4t\/?locale=es_LA\" target=\"_blank\">\n\t\t\t\t\t\t<span class=\"elementor-screen-only\">Facebook<\/span>\n\t\t\t\t\t\t<svg aria-hidden=\"true\" class=\"e-font-icon-svg e-fab-facebook\" viewBox=\"0 0 512 512\" xmlns=\"http:\/\/www.w3.org\/2000\/svg\"><path d=\"M504 256C504 119 393 8 256 8S8 119 8 256c0 123.78 90.69 226.38 209.25 245V327.69h-63V256h63v-54.64c0-62.15 37-96.48 93.67-96.48 27.14 0 55.52 4.84 55.52 4.84v61h-31.28c-30.8 0-40.41 19.12-40.41 38.73V256h68.78l-11 71.69h-57.78V501C413.31 482.38 504 379.78 504 256z\"><\/path><\/svg>\t\t\t\t\t<\/a>\n\t\t\t\t<\/span>\n\t\t\t\t\t\t\t<span class=\"elementor-grid-item\" role=\"listitem\">\n\t\t\t\t\t<a class=\"elementor-icon elementor-social-icon elementor-social-icon-instagram elementor-repeater-item-95678a7\" href=\"https:\/\/www.instagram.com\/gobaltamira4t\/\" target=\"_blank\">\n\t\t\t\t\t\t<span class=\"elementor-screen-only\">Instagram<\/span>\n\t\t\t\t\t\t<svg aria-hidden=\"true\" class=\"e-font-icon-svg e-fab-instagram\" viewBox=\"0 0 448 512\" xmlns=\"http:\/\/www.w3.org\/2000\/svg\"><path d=\"M224.1 141c-63.6 0-114.9 51.3-114.9 114.9s51.3 114.9 114.9 114.9S339 319.5 339 255.9 287.7 141 224.1 141zm0 189.6c-41.1 0-74.7-33.5-74.7-74.7s33.5-74.7 74.7-74.7 74.7 33.5 74.7 74.7-33.6 74.7-74.7 74.7zm146.4-194.3c0 14.9-12 26.8-26.8 26.8-14.9 0-26.8-12-26.8-26.8s12-26.8 26.8-26.8 26.8 12 26.8 26.8zm76.1 27.2c-1.7-35.9-9.9-67.7-36.2-93.9-26.2-26.2-58-34.4-93.9-36.2-37-2.1-147.9-2.1-184.9 0-35.8 1.7-67.6 9.9-93.9 36.1s-34.4 58-36.2 93.9c-2.1 37-2.1 147.9 0 184.9 1.7 35.9 9.9 67.7 36.2 93.9s58 34.4 93.9 36.2c37 2.1 147.9 2.1 184.9 0 35.9-1.7 67.7-9.9 93.9-36.2 26.2-26.2 34.4-58 36.2-93.9 2.1-37 2.1-147.8 0-184.8zM398.8 388c-7.8 19.6-22.9 34.7-42.6 42.6-29.5 11.7-99.5 9-132.1 9s-102.7 2.6-132.1-9c-19.6-7.8-34.7-22.9-42.6-42.6-11.7-29.5-9-99.5-9-132.1s-2.6-102.7 9-132.1c7.8-19.6 22.9-34.7 42.6-42.6 29.5-11.7 99.5-9 132.1-9s102.7-2.6 132.1 9c19.6 7.8 34.7 22.9 42.6 42.6 11.7 29.5 9 99.5 9 132.1s2.7 102.7-9 132.1z\"><\/path><\/svg>\t\t\t\t\t<\/a>\n\t\t\t\t<\/span>\n\t\t\t\t\t<\/div>\n\t\t\t\t\t\t<\/div>\n\t\t\t\t<\/div>\n\t\t\t\t<\/div>\n\t\t\t\t<\/div>\n\t\t\t\t\t<\/div>\n\t\t\t\t<\/div>\n\t\t\t\t<\/div>\n\t\t","protected":false},"excerpt":{"rendered":"<p>Men\u00fa Inicio Cabildo Prensa Dependencias Obras publicas Organismos Descentralizados Tesoreria Atenci\u00f3n Ciudadana Transparencia Tramites y Servicios abril 21, 2025 Con [&hellip;]<\/p>\n","protected":false},"author":1,"featured_media":0,"comment_status":"open","ping_status":"open","sticky":false,"template":"elementor_canvas","format":"standard","meta":{"site-sidebar-layout":"default","site-content-layout":"","ast-site-content-layout":"default","site-content-style":"default","site-sidebar-style":"default","ast-global-header-display":"","ast-banner-title-visibility":"","ast-main-header-display":"","ast-hfb-above-header-display":"","ast-hfb-below-header-display":"","ast-hfb-mobile-header-display":"","site-post-title":"","ast-breadcrumbs-content":"","ast-featured-img":"","footer-sml-layout":"","ast-disable-related-posts":"","theme-transparent-header-meta":"","adv-header-id-meta":"","stick-header-meta":"","header-above-stick-meta":"","header-main-stick-meta":"","header-below-stick-meta":"","astra-migrate-meta-layouts":"default","ast-page-background-enabled":"default","ast-page-background-meta":{"desktop":{"background-color":"var(--ast-global-color-5)","background-image":"","background-repeat":"repeat","background-position":"center center","background-size":"auto","background-attachment":"scroll","background-type":"","background-media":"","overlay-type":"","overlay-color":"","overlay-opacity":"","overlay-gradient":""},"tablet":{"background-color":"","background-image":"","background-repeat":"repeat","background-position":"center center","background-size":"auto","background-attachment":"scroll","background-type":"","background-media":"","overlay-type":"","overlay-color":"","overlay-opacity":"","overlay-gradient":""},"mobile":{"background-color":"","background-image":"","background-repeat":"repeat","background-position":"center center","background-size":"auto","background-attachment":"scroll","background-type":"","background-media":"","overlay-type":"","overlay-color":"","overlay-opacity":"","overlay-gradient":""}},"ast-content-background-meta":{"desktop":{"background-color":"var(--ast-global-color-4)","background-image":"","background-repeat":"repeat","background-position":"center center","background-size":"auto","background-attachment":"scroll","background-type":"","background-media":"","overlay-type":"","overlay-color":"","overlay-opacity":"","overlay-gradient":""},"tablet":{"background-color":"var(--ast-global-color-4)","background-image":"","background-repeat":"repeat","background-position":"center center","background-size":"auto","background-attachment":"scroll","background-type":"","background-media":"","overlay-type":"","overlay-color":"","overlay-opacity":"","overlay-gradient":""},"mobile":{"background-color":"var(--ast-global-color-4)","background-image":"","background-repeat":"repeat","background-position":"center center","background-size":"auto","background-attachment":"scroll","background-type":"","background-media":"","overlay-type":"","overlay-color":"","overlay-opacity":"","overlay-gradient":""}},"footnotes":""},"categories":[2],"tags":[],"class_list":["post-1198","post","type-post","status-publish","format-standard","hentry","category-uncategorized"],"rttpg_featured_image_url":null,"rttpg_author":{"display_name":"FranciscoM","author_link":"https:\/\/altamira.gob.mx\/2427\/author\/franciscom\/"},"rttpg_comment":0,"rttpg_category":"<a href=\"https:\/\/altamira.gob.mx\/2427\/category\/uncategorized\/\" rel=\"category tag\">Uncategorized<\/a>","rttpg_excerpt":"Men\u00fa Inicio Cabildo Prensa Dependencias Obras publicas Organismos Descentralizados Tesoreria Atenci\u00f3n Ciudadana Transparencia Tramites y Servicios abril 21, 2025 Con [&hellip;]","_links":{"self":[{"href":"https:\/\/altamira.gob.mx\/2427\/wp-json\/wp\/v2\/posts\/1198","targetHints":{"allow":["GET"]}}],"collection":[{"href":"https:\/\/altamira.gob.mx\/2427\/wp-json\/wp\/v2\/posts"}],"about":[{"href":"https:\/\/altamira.gob.mx\/2427\/wp-json\/wp\/v2\/types\/post"}],"author":[{"embeddable":true,"href":"https:\/\/altamira.gob.mx\/2427\/wp-json\/wp\/v2\/users\/1"}],"replies":[{"embeddable":true,"href":"https:\/\/altamira.gob.mx\/2427\/wp-json\/wp\/v2\/comments?post=1198"}],"version-history":[{"count":12,"href":"https:\/\/altamira.gob.mx\/2427\/wp-json\/wp\/v2\/posts\/1198\/revisions"}],"predecessor-version":[{"id":6145,"href":"https:\/\/altamira.gob.mx\/2427\/wp-json\/wp\/v2\/posts\/1198\/revisions\/6145"}],"wp:attachment":[{"href":"https:\/\/altamira.gob.mx\/2427\/wp-json\/wp\/v2\/media?parent=1198"}],"wp:term":[{"taxonomy":"category","embeddable":true,"href":"https:\/\/altamira.gob.mx\/2427\/wp-json\/wp\/v2\/categories?post=1198"},{"taxonomy":"post_tag","embeddable":true,"href":"https:\/\/altamira.gob.mx\/2427\/wp-json\/wp\/v2\/tags?post=1198"}],"curies":[{"name":"wp","href":"https:\/\/api.w.org\/{rel}","templated":true}]}}